{"id":317,"date":"2025-05-12T13:39:58","date_gmt":"2025-05-12T13:39:58","guid":{"rendered":"https:\/\/carierapeprimulplan.ro\/?p=317"},"modified":"2025-05-12T13:39:58","modified_gmt":"2025-05-12T13:39:58","slug":"recalificarea-ca-raspuns-la-automatizare-si-digitalizare","status":"publish","type":"post","link":"https:\/\/carierapeprimulplan.ro\/index.php\/2025\/05\/12\/recalificarea-ca-raspuns-la-automatizare-si-digitalizare\/","title":{"rendered":"Recalificarea ca r\u0103spuns la automatizare \u0219i digitalizare"},"content":{"rendered":"\n<p>Tranzi\u021bia c\u0103tre o economie digitalizat\u0103 \u0219i automatizat\u0103 aduce cu sine transform\u0103ri profunde \u00een pia\u021ba muncii. Tot mai multe activit\u0103\u021bi repetitive sunt preluate de tehnologii avansate, iar acest fenomen, de\u0219i creeaz\u0103 noi oportunit\u0103\u021bi, genereaz\u0103 \u0219i o nevoie urgent\u0103 de recalificare a for\u021bei de munc\u0103. \u00cen acest context, recalificarea profesional\u0103 nu mai este o op\u021biune, ci o necesitate pentru angaja\u021bi \u0219i o investi\u021bie strategic\u0103 pentru angajatori.<\/p>\n\n\n\n<h3 class=\"wp-block-heading\"><strong>De ce este recalificarea esen\u021bial\u0103?<\/strong><\/h3>\n\n\n\n<p>Automatizarea \u0219i digitalizarea schimb\u0103 natura locurilor de munc\u0103 \u00eentr-un ritm alert. Unele profesii dispar sau \u00ee\u0219i reduc relevan\u021ba, \u00een timp ce altele, noi sau reinventate, c\u00e2\u0219tig\u0103 teren. Conform estim\u0103rilor Forumului Economic Mondial, p\u00e2n\u0103 \u00een 2030, peste un miliard de locuri de munc\u0103 la nivel global vor fi afectate de transform\u0103rile tehnologice.<\/p>\n\n\n\n<p>Astfel, angaja\u021bii trebuie s\u0103 dob\u00e2ndeasc\u0103 competen\u021be noi \u2013 de la utilizarea instrumentelor digitale, p\u00e2n\u0103 la g\u00e2ndire analitic\u0103, creativitate \u0219i abilit\u0103\u021bi de comunicare. Recalificarea nu \u00eenseamn\u0103 doar \u00eenv\u0103\u021barea unor meserii complet noi, ci \u0219i adaptarea competen\u021belor existente la noile cerin\u021be ale pie\u021bei.<\/p>\n\n\n\n<h3 class=\"wp-block-heading\"><strong>Exemple de programe de succes<\/strong><\/h3>\n\n\n\n<p>\u00cen Rom\u00e2nia, tot mai multe ini\u021biative publice \u0219i private sprijin\u0103 recalificarea. Proiecte precum <strong>\u201eCariera pe primul plan\u201d<\/strong>, finan\u021bate prin fonduri europene, ofer\u0103 angaja\u021bilor din diverse domenii acces la cursuri gratuite, consiliere profesional\u0103 \u0219i sprijin \u00een reconversie.<\/p>\n\n\n\n<p>Aceste cursuri vin \u00een \u00eent\u00e2mpinarea nevoilor reale ale companiilor care \u00ee\u0219i digitalizeaz\u0103 opera\u021biunile \u0219i ofer\u0103 participan\u021bilor o \u0219ans\u0103 real\u0103 de a-\u0219i schimba direc\u021bia profesional\u0103.<\/p>\n\n\n\n<h3 class=\"wp-block-heading\"><strong>Strategii pentru tranzi\u021bii profesionale eficiente<\/strong><\/h3>\n\n\n\n<p>Pentru ca procesul de recalificare s\u0103 fie eficient, este important s\u0103 fie abordat strategic. Iat\u0103 c\u00e2teva recomand\u0103ri:<\/p>\n\n\n\n<ul class=\"wp-block-list\">\n<li><strong>Evaluarea realist\u0103 a competen\u021belor actuale<\/strong> \u2013 prin consiliere profesional\u0103, angaja\u021bii \u00ee\u0219i pot \u00een\u021belege punctele forte \u0219i domeniile \u00een care au nevoie de dezvoltare.<br><\/li>\n\n\n\n<li><strong>Identificarea domeniilor cu poten\u021bial de cre\u0219tere<\/strong> \u2013 sectoare precum IT, energie verde, s\u0103n\u0103tate sau educa\u021bie digital\u0103 ofer\u0103 oportunit\u0103\u021bi de angajare pe termen lung.<br><\/li>\n\n\n\n<li><strong>Formarea continu\u0103<\/strong> \u2013 recalificarea nu este un proces punctual, ci unul continuu. Participarea constant\u0103 la cursuri, ateliere \u0219i traininguri este cheia adapt\u0103rii.<br><\/li>\n\n\n\n<li><strong>Sprijinul angajatorilor<\/strong> \u2013 firmele pot contribui activ la procesul de recalificare prin organizarea de traininguri interne, parteneriate cu furnizori de educa\u021bie \u0219i sus\u021binerea financiar\u0103 a particip\u0103rii la cursuri.<br><\/li>\n<\/ul>\n\n\n\n<p>Recalificarea este cheia unei cariere sustenabile \u00eentr-o economie dominat\u0103 de tehnologie. Angaja\u021bii care \u00eembr\u0103\u021bi\u0219eaz\u0103 \u00eenv\u0103\u021barea continu\u0103 vor avea \u0219anse mai mari s\u0103 r\u0103m\u00e2n\u0103 relevan\u021bi pe pia\u021ba muncii, \u00een timp ce organiza\u021biile care investesc \u00een dezvoltarea capitalului uman vor fi mai bine preg\u0103tite s\u0103 fac\u0103 fa\u021b\u0103 schimb\u0103rilor viitoare. Este momentul s\u0103 punem <strong>cariera pe primul plan<\/strong>, aleg\u00e2nd adaptarea \u0219i \u00eenv\u0103\u021barea ca r\u0103spuns strategic la provoc\u0103rile digitaliz\u0103rii.<\/p>\n","protected":false},"excerpt":{"rendered":"<p>Tranzi\u021bia c\u0103tre o economie digitalizat\u0103 \u0219i automatizat\u0103 aduce cu sine transform\u0103ri profunde \u00een pia\u021ba muncii. Tot mai multe activit\u0103\u021bi repetitive sunt preluate de tehnologii avansate, iar acest fenomen, de\u0219i creeaz\u0103 noi oportunit\u0103\u021bi, genereaz\u0103 \u0219i o nevoie urgent\u0103 de recalificare a for\u021bei de munc\u0103. \u00cen acest context, recalificarea profesional\u0103 nu mai este o op\u021biune, ci o necesitate pentru angaja\u021bi \u0219i o&#8230;<\/p>\n","protected":false},"author":1,"featured_media":318,"comment_status":"open","ping_status":"open","sticky":false,"template":"","format":"standard","meta":{"footnotes":""},"categories":[2,6],"tags":[],"class_list":["post-317","post","type-post","status-publish","format-standard","has-post-thumbnail","hentry","category-blog","category-noutati"],"_links":{"self":[{"href":"https:\/\/carierapeprimulplan.ro\/index.php\/wp-json\/wp\/v2\/posts\/317","targetHints":{"allow":["GET"]}}],"collection":[{"href":"https:\/\/carierapeprimulplan.ro\/index.php\/wp-json\/wp\/v2\/posts"}],"about":[{"href":"https:\/\/carierapeprimulplan.ro\/index.php\/wp-json\/wp\/v2\/types\/post"}],"author":[{"embeddable":true,"href":"https:\/\/carierapeprimulplan.ro\/index.php\/wp-json\/wp\/v2\/users\/1"}],"replies":[{"embeddable":true,"href":"https:\/\/carierapeprimulplan.ro\/index.php\/wp-json\/wp\/v2\/comments?post=317"}],"version-history":[{"count":1,"href":"https:\/\/carierapeprimulplan.ro\/index.php\/wp-json\/wp\/v2\/posts\/317\/revisions"}],"predecessor-version":[{"id":319,"href":"https:\/\/carierapeprimulplan.ro\/index.php\/wp-json\/wp\/v2\/posts\/317\/revisions\/319"}],"wp:featuredmedia":[{"embeddable":true,"href":"https:\/\/carierapeprimulplan.ro\/index.php\/wp-json\/wp\/v2\/media\/318"}],"wp:attachment":[{"href":"https:\/\/carierapeprimulplan.ro\/index.php\/wp-json\/wp\/v2\/media?parent=317"}],"wp:term":[{"taxonomy":"category","embeddable":true,"href":"https:\/\/carierapeprimulplan.ro\/index.php\/wp-json\/wp\/v2\/categories?post=317"},{"taxonomy":"post_tag","embeddable":true,"href":"https:\/\/carierapeprimulplan.ro\/index.php\/wp-json\/wp\/v2\/tags?post=317"}],"curies":[{"name":"wp","href":"https:\/\/api.w.org\/{rel}","templated":true}]}}