{"id":322,"date":"2025-06-06T16:15:14","date_gmt":"2025-06-06T16:15:14","guid":{"rendered":"https:\/\/carierapeprimulplan.ro\/?p=322"},"modified":"2025-06-06T16:15:14","modified_gmt":"2025-06-06T16:15:14","slug":"cum-iti-alegi-cariera-potrivita-in-functie-de-abilitati-si-valori-personale","status":"publish","type":"post","link":"https:\/\/carierapeprimulplan.ro\/index.php\/2025\/06\/06\/cum-iti-alegi-cariera-potrivita-in-functie-de-abilitati-si-valori-personale\/","title":{"rendered":"Cum \u00ee\u021bi alegi cariera potrivit\u0103 \u00een func\u021bie de abilit\u0103\u021bi \u0219i valori personale"},"content":{"rendered":"\n<p>Alegerea unei cariere nu este doar o decizie practic\u0103, ci \u0219i una profund personal\u0103. Mul\u021bi tineri sau adul\u021bi afla\u021bi \u00eentr-un moment de tranzi\u021bie profesional\u0103 se \u00eentreab\u0103: <em>Ce mi se potrive\u0219te cu adev\u0103rat? Ce carier\u0103 \u00eemi va aduce nu doar un salariu, ci \u0219i satisfac\u021bie pe termen lung?<\/em> R\u0103spunsul porne\u0219te din autocunoa\u0219tere \u2014 din \u00een\u021belegerea abilit\u0103\u021bilor proprii \u0219i a valorilor personale care ne ghideaz\u0103 \u00een via\u021b\u0103.<\/p>\n\n\n\n<h2 class=\"wp-block-heading\"><strong>De ce este important s\u0103-\u021bi cuno\u0219ti abilit\u0103\u021bile?<\/strong><\/h2>\n\n\n\n<p>Fiecare persoan\u0103 are un set unic de competen\u021be: unele \u00eenn\u0103scute, altele dob\u00e2ndite prin educa\u021bie sau experien\u021b\u0103. Unele persoane sunt foarte analitice, altele au abilit\u0103\u021bi excelente de comunicare sau \u00eendem\u00e2nare tehnic\u0103. Atunci c\u00e2nd alegi un domeniu profesional care valorific\u0103 aceste abilit\u0103\u021bi, \u00ee\u021bi va fi mai u\u0219or s\u0103 \u00eenve\u021bi, s\u0103 progresezi \u0219i s\u0103 te sim\u021bi \u00eemplinit.<\/p>\n\n\n\n<h3 class=\"wp-block-heading\"><strong>Exemple de abilit\u0103\u021bi relevante:<\/strong><\/h3>\n\n\n\n<ul class=\"wp-block-list\">\n<li><strong>Abilit\u0103\u021bi logice \u0219i analitice<\/strong> \u2013 utile \u00een IT, contabilitate, inginerie.<br><\/li>\n\n\n\n<li><strong>Creativitate<\/strong> \u2013 potrivit\u0103 \u00een design, publicitate, arte.<br><\/li>\n\n\n\n<li><strong>Comunicare interpersonal\u0103<\/strong> \u2013 esen\u021bial\u0103 \u00een educa\u021bie, v\u00e2nz\u0103ri, resurse umane.<br><\/li>\n\n\n\n<li><strong>\u00cendem\u00e2nare practic\u0103<\/strong> \u2013 ideal\u0103 pentru meserii tehnice, din produc\u021bie sau repara\u021bii.<br><\/li>\n<\/ul>\n\n\n\n<h2 class=\"wp-block-heading\"><strong>Valorile personale: busola ta interioar\u0103<\/strong><\/h2>\n\n\n\n<p>Valorile personale sunt principiile dup\u0103 care te ghidezi \u00een via\u021b\u0103: ce consideri important, ce \u00ee\u021bi ofer\u0103 sens \u0219i motiva\u021bie. Alegerea unei cariere \u00een acord cu valorile tale \u00ee\u021bi va oferi un sentiment de autenticitate \u0219i echilibru.<\/p>\n\n\n\n<h3 class=\"wp-block-heading\"><strong>\u00centreb\u0103ri utile pentru a-\u021bi identifica valorile:<\/strong><\/h3>\n\n\n\n<ul class=\"wp-block-list\">\n<li>\u00cemi doresc stabilitate sau flexibilitate \u00een munc\u0103?<br><\/li>\n\n\n\n<li>M\u0103 motiveaz\u0103 s\u0103 ajut oamenii sau s\u0103 creez lucruri noi?<br><\/li>\n\n\n\n<li>Prefer munca \u00een echip\u0103 sau individual?<br><\/li>\n\n\n\n<li>E important pentru mine impactul social al muncii mele?<br><\/li>\n<\/ul>\n\n\n\n<h2 class=\"wp-block-heading\"><strong>Exerci\u021bii de autocunoa\u0219tere<\/strong><\/h2>\n\n\n\n<p>Autocunoa\u0219terea este un proces activ. Iat\u0103 c\u00e2teva instrumente \u0219i exerci\u021bii care te pot ajuta:<\/p>\n\n\n\n<h3 class=\"wp-block-heading\"><strong>1. Jurnalul punctelor forte<\/strong><\/h3>\n\n\n\n<p>Scrie zilnic activit\u0103\u021bile care \u021bi-au adus satisfac\u021bie. Ce ai f\u0103cut bine? Ce \u021bi-a pl\u0103cut? \u00cen timp, vei observa un tipar.<\/p>\n\n\n\n<h3 class=\"wp-block-heading\"><strong>2. Testele voca\u021bionale<\/strong><\/h3>\n\n\n\n<p>Teste precum Holland RIASEC, MBTI (tipuri de personalitate) sau DISC pot oferi indicii despre compatibilitatea ta cu anumite domenii profesionale. Po\u021bi discuta rezultatele cu un consilier de carier\u0103.<\/p>\n\n\n\n<h3 class=\"wp-block-heading\"><strong>3. Feedback de la cei din jur<\/strong><\/h3>\n\n\n\n<p>\u00centreab\u0103 colegi, prieteni sau profesori: \u201eCare crezi c\u0103 sunt punctele mele forte?\u201d Uneori, ceilal\u021bi observ\u0103 lucruri pe care noi nu le con\u0219tientiz\u0103m.<\/p>\n\n\n\n<h2 class=\"wp-block-heading\"><strong>Cum faci leg\u0103tura \u00eentre abilit\u0103\u021bi, valori \u0219i carier\u0103?<\/strong><\/h2>\n\n\n\n<ol class=\"wp-block-list\">\n<li><strong>Identific\u0103 domeniile care valorific\u0103 abilit\u0103\u021bile tale.<\/strong><strong><br><\/strong><\/li>\n\n\n\n<li><strong>Verific\u0103 dac\u0103 aceste domenii se aliniaz\u0103 cu valorile tale personale.<\/strong><strong><br><\/strong><\/li>\n\n\n\n<li><strong>Informeaz\u0103-te despre oportunit\u0103\u021bile reale pe pia\u021ba muncii.<\/strong><strong><br><\/strong><\/li>\n\n\n\n<li><strong>Testeaz\u0103 domeniul prin voluntariat, internship sau proiecte personale.<\/strong><strong><br><\/strong><\/li>\n<\/ol>\n\n\n\n<p>O carier\u0103 potrivit\u0103 nu este neap\u0103rat cea mai popular\u0103 sau cea mai bine pl\u0103tit\u0103, ci aceea \u00een care \u00ee\u021bi po\u021bi folosi abilit\u0103\u021bile naturale \u0219i care este \u00een acord cu valorile tale. Nu exist\u0103 o re\u021bet\u0103 universal\u0103, dar autocunoa\u0219terea este primul pas c\u0103tre o alegere con\u0219tient\u0103, sustenabil\u0103 \u0219i \u00eemplinitoare. Pune-\u021bi \u00eentreb\u0103ri, testeaz\u0103, cere sprijin \u0219i fii deschis la explorare \u2014 cariera ta este un drum, nu o destina\u021bie.<\/p>\n","protected":false},"excerpt":{"rendered":"<p>Alegerea unei cariere nu este doar o decizie practic\u0103, ci \u0219i una profund personal\u0103. Mul\u021bi tineri sau adul\u021bi afla\u021bi \u00eentr-un moment de tranzi\u021bie profesional\u0103 se \u00eentreab\u0103: Ce mi se potrive\u0219te cu adev\u0103rat? Ce carier\u0103 \u00eemi va aduce nu doar un salariu, ci \u0219i satisfac\u021bie pe termen lung? R\u0103spunsul porne\u0219te din autocunoa\u0219tere \u2014 din \u00een\u021belegerea abilit\u0103\u021bilor proprii \u0219i a valorilor personale&#8230;<\/p>\n","protected":false},"author":1,"featured_media":323,"comment_status":"open","ping_status":"open","sticky":false,"template":"","format":"standard","meta":{"footnotes":""},"categories":[6],"tags":[],"class_list":["post-322","post","type-post","status-publish","format-standard","has-post-thumbnail","hentry","category-noutati"],"_links":{"self":[{"href":"https:\/\/carierapeprimulplan.ro\/index.php\/wp-json\/wp\/v2\/posts\/322","targetHints":{"allow":["GET"]}}],"collection":[{"href":"https:\/\/carierapeprimulplan.ro\/index.php\/wp-json\/wp\/v2\/posts"}],"about":[{"href":"https:\/\/carierapeprimulplan.ro\/index.php\/wp-json\/wp\/v2\/types\/post"}],"author":[{"embeddable":true,"href":"https:\/\/carierapeprimulplan.ro\/index.php\/wp-json\/wp\/v2\/users\/1"}],"replies":[{"embeddable":true,"href":"https:\/\/carierapeprimulplan.ro\/index.php\/wp-json\/wp\/v2\/comments?post=322"}],"version-history":[{"count":1,"href":"https:\/\/carierapeprimulplan.ro\/index.php\/wp-json\/wp\/v2\/posts\/322\/revisions"}],"predecessor-version":[{"id":324,"href":"https:\/\/carierapeprimulplan.ro\/index.php\/wp-json\/wp\/v2\/posts\/322\/revisions\/324"}],"wp:featuredmedia":[{"embeddable":true,"href":"https:\/\/carierapeprimulplan.ro\/index.php\/wp-json\/wp\/v2\/media\/323"}],"wp:attachment":[{"href":"https:\/\/carierapeprimulplan.ro\/index.php\/wp-json\/wp\/v2\/media?parent=322"}],"wp:term":[{"taxonomy":"category","embeddable":true,"href":"https:\/\/carierapeprimulplan.ro\/index.php\/wp-json\/wp\/v2\/categories?post=322"},{"taxonomy":"post_tag","embeddable":true,"href":"https:\/\/carierapeprimulplan.ro\/index.php\/wp-json\/wp\/v2\/tags?post=322"}],"curies":[{"name":"wp","href":"https:\/\/api.w.org\/{rel}","templated":true}]}}